{"id":771,"date":"2019-07-07T19:17:17","date_gmt":"2019-07-07T17:17:17","guid":{"rendered":"https:\/\/gk-usbekistan.de\/?p=771"},"modified":"2019-07-07T19:27:23","modified_gmt":"2019-07-07T17:27:23","slug":"%d0%b4%d0%b5%d0%bb%d0%b5%d0%b3%d0%b0%d1%86%d0%b8%d1%8f-%d1%83%d0%b7%d0%b1%d0%b5%d0%ba%d0%b8%d1%81%d1%82%d0%b0%d0%bd%d0%b0-%d0%bf%d1%80%d0%b8%d0%bd%d1%8f%d0%bb%d0%b0-%d1%83%d1%87%d0%b0%d1%81%d1%82","status":"publish","type":"post","link":"https:\/\/gk-usbekistan.de\/de\/2019\/07\/07\/%d0%b4%d0%b5%d0%bb%d0%b5%d0%b3%d0%b0%d1%86%d0%b8%d1%8f-%d1%83%d0%b7%d0%b1%d0%b5%d0%ba%d0%b8%d1%81%d1%82%d0%b0%d0%bd%d0%b0-%d0%bf%d1%80%d0%b8%d0%bd%d1%8f%d0%bb%d0%b0-%d1%83%d1%87%d0%b0%d1%81%d1%82\/","title":{"rendered":"Die usbekische Delegation nahm an dem Treffen &#8220;Zentralasien &#8211; Europ\u00e4ische Union&#8221; teil"},"content":{"rendered":"<p><\/p>\n<p style=\"text-align: justify;\">Am 7. Juli 2019 nahm eine Delegation der Republik Usbekistan unter der Leitung von Au\u00dfenminister Abdulaziz Kamilov an der 15. Ministertagung des Formats Zentralasien-Europ\u00e4ische Union in Bischkek teil.<!--more--><\/p>\n<p><img loading=\"lazy\" decoding=\"async\" class=\"aligncenter\" src=\"https:\/\/mfa.uz\/upload\/rasmlar2019\/photo5265197286181415830.jpg\" width=\"350\" height=\"221\" align=\"middle\" border=\"1\" hspace=\"4\" vspace=\"2\" \/><\/p>\n<p style=\"text-align: justify;\">Die Leiter der Au\u00dfenministerien von Kasachstan, Kirgisistan, Tadschikistan, Turkmenistan, Usbekistan und der Europ\u00e4ischen Union diskutierten aktuelle Fragen der interregionalen Zusammenarbeit in verschiedenen Bereichen.<\/p>\n<p style=\"text-align: justify;\">Die Hohe Vertreterin der EU f\u00fcr Au\u00dfen- und Sicherheitspolitik, Vizepr\u00e4sidentin der Europ\u00e4ischen Kommission, Federica Mogherini, widmete in ihrer Rede der am 17. Juni gebilligten neuen EU-Strategie f\u00fcr Zentralasien besondere Aufmerksamkeit.<\/p>\n<p style=\"text-align: justify;\">W\u00e4hrend des Treffens stellte Minister Abdulaziz Kamilov fest, dass die in der neuen EU-Strategie f\u00fcr Zentralasien festgelegten Ziele und Vorgaben in vollem Umfang mit den Priorit\u00e4ten der auf Initiative von Pr\u00e4sident Shavkat Mirziyoyev entwickelten usbekischen Entwicklungsstrategie f\u00fcr den Zeitraum 2017-2021 \u00fcbereinstimmen und die Bereitschaft der EU zur Unterst\u00fctzung hoch einsch\u00e4tzen Transformation der Volkswirtschaften der Region in diversifizierte und wettbewerbsf\u00e4hige.<\/p>\n<p style=\"text-align: justify;\">Der Leiter der usbekischen Delegation hob die Wirksamkeit der Zusammenarbeit mit der Europ\u00e4ischen Union in Bezug auf Afghanistan hervor, insbesondere bei der Entwicklung der Handels-, Infrastruktur-, Verkehrs- und Kommunikationsbeziehungen.<\/p>\n<p style=\"text-align: justify;\">In seiner Rede ging der Minister auf die Perspektiven f\u00fcr die Entwicklung multilateraler Beziehungen im kulturellen und humanit\u00e4ren Bereich ein.<\/p>\n<p style=\"text-align: justify;\">Nach dem Ministertreffen wurde ein gemeinsames Kommuniqu\u00e9 verabschiedet.<\/p>\n<p><\/p>","protected":false},"excerpt":{"rendered":"<p>Leider ist der Eintrag nur auf \u0420\u0443\u0441\u0441\u043a\u0438\u0439 verf\u00fcgbar.<\/p>\n","protected":false},"author":2,"featured_media":773,"comment_status":"closed","ping_status":"open","sticky":false,"template":"","format":"standard","meta":{"footnotes":""},"categories":[5],"tags":[],"class_list":["post-771","post","type-post","status-publish","format-standard","has-post-thumbnail","hentry","category-5"],"_links":{"self":[{"href":"https:\/\/gk-usbekistan.de\/de\/wp-json\/wp\/v2\/posts\/771","targetHints":{"allow":["GET"]}}],"collection":[{"href":"https:\/\/gk-usbekistan.de\/de\/wp-json\/wp\/v2\/posts"}],"about":[{"href":"https:\/\/gk-usbekistan.de\/de\/wp-json\/wp\/v2\/types\/post"}],"author":[{"embeddable":true,"href":"https:\/\/gk-usbekistan.de\/de\/wp-json\/wp\/v2\/users\/2"}],"replies":[{"embeddable":true,"href":"https:\/\/gk-usbekistan.de\/de\/wp-json\/wp\/v2\/comments?post=771"}],"version-history":[{"count":1,"href":"https:\/\/gk-usbekistan.de\/de\/wp-json\/wp\/v2\/posts\/771\/revisions"}],"predecessor-version":[{"id":776,"href":"https:\/\/gk-usbekistan.de\/de\/wp-json\/wp\/v2\/posts\/771\/revisions\/776"}],"wp:featuredmedia":[{"embeddable":true,"href":"https:\/\/gk-usbekistan.de\/de\/wp-json\/wp\/v2\/media\/773"}],"wp:attachment":[{"href":"https:\/\/gk-usbekistan.de\/de\/wp-json\/wp\/v2\/media?parent=771"}],"wp:term":[{"taxonomy":"category","embeddable":true,"href":"https:\/\/gk-usbekistan.de\/de\/wp-json\/wp\/v2\/categories?post=771"},{"taxonomy":"post_tag","embeddable":true,"href":"https:\/\/gk-usbekistan.de\/de\/wp-json\/wp\/v2\/tags?post=771"}],"curies":[{"name":"wp","href":"https:\/\/api.w.org\/{rel}","templated":true}]}}