{"id":4876,"date":"2024-10-11T09:52:40","date_gmt":"2024-10-11T07:52:40","guid":{"rendered":"https:\/\/gk-usbekistan.de\/?p=4876"},"modified":"2024-10-11T09:52:40","modified_gmt":"2024-10-11T07:52:40","slug":"%d0%bf%d1%80%d0%b5%d0%b7%d0%b8%d0%b4%d0%b5%d0%bd%d1%82-%d1%83%d0%b7%d0%b1%d0%b5%d0%ba%d0%b8%d1%81%d1%82%d0%b0%d0%bd%d0%b0-%d0%bf%d1%80%d0%b8%d0%b1%d1%8b%d0%bb-%d0%b2-%d1%82%d1%83%d1%80%d0%ba%d0%bc","status":"publish","type":"post","link":"https:\/\/gk-usbekistan.de\/de\/2024\/10\/11\/%d0%bf%d1%80%d0%b5%d0%b7%d0%b8%d0%b4%d0%b5%d0%bd%d1%82-%d1%83%d0%b7%d0%b1%d0%b5%d0%ba%d0%b8%d1%81%d1%82%d0%b0%d0%bd%d0%b0-%d0%bf%d1%80%d0%b8%d0%b1%d1%8b%d0%bb-%d0%b2-%d1%82%d1%83%d1%80%d0%ba%d0%bc\/","title":{"rendered":"Pr\u00e4sident von Usbekistan trifft in Turkmenistan ein"},"content":{"rendered":"<p><\/p>\n<div class=\"news-top-head\">\n<div><\/div>\n<div class=\"news-top-head__content\">\n<div class=\"news-top-head__meta\" style=\"text-align: justify;\">Der Pr\u00e4sident der Republik Usbekistan, Shavkat Mirziyoyev, ist zu einem Arbeitsbesuch in Ashgabat eingetroffen.<\/div>\n<div><img decoding=\"async\" class=\"aligncenter\" src=\"https:\/\/cdn.uza.uz\/2024\/10\/10\/21\/47\/zCeTHkAuBVgR1xItkdzc6Uz2nHZn7qeL_front.jpg\" \/><\/div>\n<\/div>\n<\/div>\n<p><!--more--><\/p>\n<div class=\"content-block\">\n<p style=\"text-align: justify;\">Das Staatsoberhaupt wurde am Flughafen vom stellvertretenden Vorsitzenden des turkmenischen Ministerkabinetts Tangryguly Atakhallyev und anderen\u00a0<a href=\"https:\/\/president.uz\/ru\/lists\/view\/7599\">Beamten empfangen.<\/a><\/p>\n<p style=\"text-align: justify;\">Die wichtigsten Veranstaltungen werden heute, am 11. Oktober, stattfinden.<\/p>\n<figure class=\"image\"><img decoding=\"async\" class=\"aligncenter\" src=\"https:\/\/cdn.uza.uz\/2024\/10\/10\/21\/47\/Fr1zE4M5EqGjuMSRvbV5MRVBk2nKaV6A_front.jpg\" alt=\"\" \/><\/figure>\n<figure class=\"image\"><img decoding=\"async\" class=\"aligncenter\" src=\"https:\/\/cdn.uza.uz\/2024\/10\/10\/21\/47\/9hzLyeYwst0fhThz92sAuaVlwGP18Fsv_front.jpg\" alt=\"\" \/><\/figure>\n<p>Der Staatschef von Usbekistan wird auf der Plenarsitzung des Internationalen Forums \u201eVerbindung der Zeiten und Zivilisationen &#8211; Grundlage f\u00fcr Frieden und Entwicklung\u201c sprechen, dass dem 300. Jahrestag der Geburt des turkmenischen Dichters und Philosophen Makhtumkuli Fraghi gewidmet ist.<\/p>\n<figure class=\"image\"><img decoding=\"async\" src=\"https:\/\/cdn.uza.uz\/2024\/10\/10\/21\/47\/A3J7ELmyPhLluNIJ13nJ4Q3CmrcD3reF_front.jpg\" alt=\"\" \/><\/figure>\n<figure class=\"image\"><img decoding=\"async\" src=\"https:\/\/cdn.uza.uz\/2024\/10\/10\/21\/47\/Td9cSXzwN3m9IPquTRVHyqztcT0rGASh_front.jpg\" alt=\"\" \/><\/figure>\n<figure class=\"image\"><img decoding=\"async\" src=\"https:\/\/cdn.uza.uz\/2024\/10\/10\/21\/47\/nmBUPwEacHz4nX0TnjPUL243mzYwDBZJ_front.jpg\" alt=\"\" \/><\/figure>\n<figure class=\"image\"><img decoding=\"async\" src=\"https:\/\/cdn.uza.uz\/2024\/10\/10\/21\/47\/g1XqevkAAigrMid9ClBmscYOzn9fgjlP_front.jpg\" alt=\"\" \/><\/figure>\n<p>Der Pr\u00e4sident unseres Landes wird im Rahmen des Programms der Veranstaltung auch bilaterale Gespr\u00e4che f\u00fchren.<\/p>\n<\/div>\n<p><\/p>","protected":false},"excerpt":{"rendered":"<p>Leider ist der Eintrag nur auf \u0420\u0443\u0441\u0441\u043a\u0438\u0439 verf\u00fcgbar.<\/p>\n","protected":false},"author":2,"featured_media":0,"comment_status":"closed","ping_status":"open","sticky":false,"template":"","format":"standard","meta":{"footnotes":""},"categories":[22],"tags":[],"class_list":["post-4876","post","type-post","status-publish","format-standard","hentry","category-shavkat-mirziyoyev"],"_links":{"self":[{"href":"https:\/\/gk-usbekistan.de\/de\/wp-json\/wp\/v2\/posts\/4876","targetHints":{"allow":["GET"]}}],"collection":[{"href":"https:\/\/gk-usbekistan.de\/de\/wp-json\/wp\/v2\/posts"}],"about":[{"href":"https:\/\/gk-usbekistan.de\/de\/wp-json\/wp\/v2\/types\/post"}],"author":[{"embeddable":true,"href":"https:\/\/gk-usbekistan.de\/de\/wp-json\/wp\/v2\/users\/2"}],"replies":[{"embeddable":true,"href":"https:\/\/gk-usbekistan.de\/de\/wp-json\/wp\/v2\/comments?post=4876"}],"version-history":[{"count":1,"href":"https:\/\/gk-usbekistan.de\/de\/wp-json\/wp\/v2\/posts\/4876\/revisions"}],"predecessor-version":[{"id":4877,"href":"https:\/\/gk-usbekistan.de\/de\/wp-json\/wp\/v2\/posts\/4876\/revisions\/4877"}],"wp:attachment":[{"href":"https:\/\/gk-usbekistan.de\/de\/wp-json\/wp\/v2\/media?parent=4876"}],"wp:term":[{"taxonomy":"category","embeddable":true,"href":"https:\/\/gk-usbekistan.de\/de\/wp-json\/wp\/v2\/categories?post=4876"},{"taxonomy":"post_tag","embeddable":true,"href":"https:\/\/gk-usbekistan.de\/de\/wp-json\/wp\/v2\/tags?post=4876"}],"curies":[{"name":"wp","href":"https:\/\/api.w.org\/{rel}","templated":true}]}}