{"id":471,"date":"2018-04-22T14:12:36","date_gmt":"2018-04-22T12:12:36","guid":{"rendered":"https:\/\/gk-usbekistan.de\/?p=471"},"modified":"2018-04-22T14:13:36","modified_gmt":"2018-04-22T12:13:36","slug":"%d0%be-%d0%bf%d1%80%d0%b5%d0%b4%d1%81%d1%82%d0%be%d1%8f%d1%89%d0%b5%d0%bc-%d0%b3%d0%be%d1%81%d1%83%d0%b4%d0%b0%d1%80%d1%81%d1%82%d0%b2%d0%b5%d0%bd%d0%bd%d0%be%d0%bc-%d0%b2%d0%b8%d0%b7%d0%b8%d1%82","status":"publish","type":"post","link":"https:\/\/gk-usbekistan.de\/de\/2018\/04\/22\/%d0%be-%d0%bf%d1%80%d0%b5%d0%b4%d1%81%d1%82%d0%be%d1%8f%d1%89%d0%b5%d0%bc-%d0%b3%d0%be%d1%81%d1%83%d0%b4%d0%b0%d1%80%d1%81%d1%82%d0%b2%d0%b5%d0%bd%d0%bd%d0%be%d0%bc-%d0%b2%d0%b8%d0%b7%d0%b8%d1%82\/","title":{"rendered":"\u00dcber den Staatsbesuch des Pr\u00e4sidenten von Turkmenistan nach Usbekistan"},"content":{"rendered":"<p>Auf Einladung des Pr\u00e4sidenten der Republik Usbekistan Shavkat Mirziyoyev wird der Pr\u00e4sident von Turkmenistan Gurbanguli Berdimuhamedov am 23.-24.April 2018 zu einem Staatsbesuch in Usbekistan eingetroffen sein.\u00a0<!--more--><br \/>\nEs wird geplant, w\u00e4hrend der gegenseitigen Treffen und Gespr\u00e4che auf dem h\u00f6chsten Niveau die Fragen der St\u00e4rkung und Bereicherung vielseitiger usbekisch-turkmenischer Beziehungen, aktuelle regionale und internationale Fragen zu besprechen.<\/p>\n<p>Im Programm des Besuchs steht auch die Teilnahme der Staatschefs an der Er\u00f6ffnungszeremonie des Parks namens Aschgabat in der Stadt Taschkent, der einer der klaren Symbole der Freundschaft und guter Nachbarschaft zwischen den beiden L\u00e4ndern und V\u00f6lkern sein soll. Es wird auch die Grenze am Gebiet Khorezm besucht.<\/p>\n<p>Im Rahmen des Besuchs wird ein Business-Forum der Vertreter f\u00fchrender Wirtschaftsstrukturen von Usbekistan und Turkmenistan durchgef\u00fchrt werden.<\/p>\n<p>Es wird erwartet, am Ende der Gespr\u00e4che eine Gemeinsame Erkl\u00e4rung der Staatschefs anzunehmen, ein gro\u00dfes Paket von Dokumenten zu unterschreiben, die eine weitere St\u00e4rkung der bilateralen Zusammenarbeit in Bereichen Politik, Handelswirtschaft, Investitionen, Verkehr- und Kommunikation, Bildung und Sport vorsehen.<\/p>","protected":false},"excerpt":{"rendered":"<p>Leider ist der Eintrag nur auf \u0420\u0443\u0441\u0441\u043a\u0438\u0439 verf\u00fcgbar.<\/p>\n","protected":false},"author":2,"featured_media":472,"comment_status":"closed","ping_status":"open","sticky":false,"template":"","format":"standard","meta":{"footnotes":""},"categories":[],"tags":[],"class_list":["post-471","post","type-post","status-publish","format-standard","has-post-thumbnail","hentry"],"_links":{"self":[{"href":"https:\/\/gk-usbekistan.de\/de\/wp-json\/wp\/v2\/posts\/471","targetHints":{"allow":["GET"]}}],"collection":[{"href":"https:\/\/gk-usbekistan.de\/de\/wp-json\/wp\/v2\/posts"}],"about":[{"href":"https:\/\/gk-usbekistan.de\/de\/wp-json\/wp\/v2\/types\/post"}],"author":[{"embeddable":true,"href":"https:\/\/gk-usbekistan.de\/de\/wp-json\/wp\/v2\/users\/2"}],"replies":[{"embeddable":true,"href":"https:\/\/gk-usbekistan.de\/de\/wp-json\/wp\/v2\/comments?post=471"}],"version-history":[{"count":1,"href":"https:\/\/gk-usbekistan.de\/de\/wp-json\/wp\/v2\/posts\/471\/revisions"}],"predecessor-version":[{"id":473,"href":"https:\/\/gk-usbekistan.de\/de\/wp-json\/wp\/v2\/posts\/471\/revisions\/473"}],"wp:featuredmedia":[{"embeddable":true,"href":"https:\/\/gk-usbekistan.de\/de\/wp-json\/wp\/v2\/media\/472"}],"wp:attachment":[{"href":"https:\/\/gk-usbekistan.de\/de\/wp-json\/wp\/v2\/media?parent=471"}],"wp:term":[{"taxonomy":"category","embeddable":true,"href":"https:\/\/gk-usbekistan.de\/de\/wp-json\/wp\/v2\/categories?post=471"},{"taxonomy":"post_tag","embeddable":true,"href":"https:\/\/gk-usbekistan.de\/de\/wp-json\/wp\/v2\/tags?post=471"}],"curies":[{"name":"wp","href":"https:\/\/api.w.org\/{rel}","templated":true}]}}