{"id":1002,"date":"2020-05-08T16:44:18","date_gmt":"2020-05-08T14:44:18","guid":{"rendered":"https:\/\/gk-usbekistan.de\/?p=1002"},"modified":"2020-05-08T16:47:28","modified_gmt":"2020-05-08T14:47:28","slug":"%d0%bd%d0%b0-%d0%bf%d1%80%d0%b5%d0%b4%d0%bf%d1%80%d0%b8%d1%8f%d1%82%d0%b8%d0%b8-elegant-garment-textile-%d0%b1%d1%83%d0%b4%d0%b5%d1%82-%d1%81%d0%be%d0%b7%d0%b4%d0%b0%d0%bd%d0%be-1200","status":"publish","type":"post","link":"https:\/\/gk-usbekistan.de\/de\/2020\/05\/08\/%d0%bd%d0%b0-%d0%bf%d1%80%d0%b5%d0%b4%d0%bf%d1%80%d0%b8%d1%8f%d1%82%d0%b8%d0%b8-elegant-garment-textile-%d0%b1%d1%83%d0%b4%d0%b5%d1%82-%d1%81%d0%be%d0%b7%d0%b4%d0%b0%d0%bd%d0%be-1200\/","title":{"rendered":"Neuer Verarbeitungsbetrieb in Namangan"},"content":{"rendered":"<p><\/p>\n<div style=\"text-align: justify;\">Im Bezirk Uchkurgan in Namangan wird in Zusammenarbeit mit den t\u00fcrkischen Unternehmern ein gro\u00dfer f\u00fcr die Verarbeitung der landwirtschaftlichen Produkte spezialisierter Betrieb errichtet.<\/div>\n<p style=\"text-align: justify;\"><!--more--><\/p>\n<div style=\"text-align: justify;\"><img decoding=\"async\" class=\"detail_picture mobile aligncenter\" title=\"Neuer Verarbeitungsbetrieb in Namangan\" src=\"http:\/\/uza.uz\/upload\/iblock\/c2b\/photo_2020_05_07_19_07_38.jpg\" alt=\"Neuer Verarbeitungsbetrieb in Namangan\" border=\"0\" \/><\/div>\n<div style=\"text-align: justify;\">Die j\u00e4hrliche Kapazit\u00e4t des Komplex betr\u00e4gt die Verarbeitung von 3,5 tausend Tonnen von Fr\u00fcchten und Obst.<\/div>\n<div style=\"text-align: justify;\"><\/div>\n<div style=\"text-align: justify;\">Zur Realisierung des Projekts wurden 19 Milliarden Sum aus Mitteln der einheimischen Unternehmer und direkte Investitionen t\u00fcrkischer Partner in H\u00f6he von zwei Millionen Dollar angelegt.<\/div>\n<div style=\"text-align: justify;\"><\/div>\n<div style=\"text-align: justify;\">Nach der Umsetzung des Projekts im Dezember des ablaufenden Jahres werden 150 Arbeitspl\u00e4tze geschaffen. 2020 werden 500 Menschen besch\u00e4ftigt werden.<\/div>\n<div style=\"text-align: justify;\"><\/div>\n<div style=\"text-align: justify;\"><\/div>\n<div style=\"text-align: justify;\">Akramjon Sattarov, Korresondent der UzA<\/div>\n<p><\/p>","protected":false},"excerpt":{"rendered":"<p>Leider ist der Eintrag nur auf \u0420\u0443\u0441\u0441\u043a\u0438\u0439 verf\u00fcgbar.<\/p>\n","protected":false},"author":2,"featured_media":272,"comment_status":"closed","ping_status":"open","sticky":false,"template":"","format":"standard","meta":{"footnotes":""},"categories":[5],"tags":[],"class_list":["post-1002","post","type-post","status-publish","format-standard","has-post-thumbnail","hentry","category-5"],"_links":{"self":[{"href":"https:\/\/gk-usbekistan.de\/de\/wp-json\/wp\/v2\/posts\/1002","targetHints":{"allow":["GET"]}}],"collection":[{"href":"https:\/\/gk-usbekistan.de\/de\/wp-json\/wp\/v2\/posts"}],"about":[{"href":"https:\/\/gk-usbekistan.de\/de\/wp-json\/wp\/v2\/types\/post"}],"author":[{"embeddable":true,"href":"https:\/\/gk-usbekistan.de\/de\/wp-json\/wp\/v2\/users\/2"}],"replies":[{"embeddable":true,"href":"https:\/\/gk-usbekistan.de\/de\/wp-json\/wp\/v2\/comments?post=1002"}],"version-history":[{"count":2,"href":"https:\/\/gk-usbekistan.de\/de\/wp-json\/wp\/v2\/posts\/1002\/revisions"}],"predecessor-version":[{"id":1004,"href":"https:\/\/gk-usbekistan.de\/de\/wp-json\/wp\/v2\/posts\/1002\/revisions\/1004"}],"wp:featuredmedia":[{"embeddable":true,"href":"https:\/\/gk-usbekistan.de\/de\/wp-json\/wp\/v2\/media\/272"}],"wp:attachment":[{"href":"https:\/\/gk-usbekistan.de\/de\/wp-json\/wp\/v2\/media?parent=1002"}],"wp:term":[{"taxonomy":"category","embeddable":true,"href":"https:\/\/gk-usbekistan.de\/de\/wp-json\/wp\/v2\/categories?post=1002"},{"taxonomy":"post_tag","embeddable":true,"href":"https:\/\/gk-usbekistan.de\/de\/wp-json\/wp\/v2\/tags?post=1002"}],"curies":[{"name":"wp","href":"https:\/\/api.w.org\/{rel}","templated":true}]}}